{"id":697,"date":"2020-01-24T04:23:32","date_gmt":"2020-01-24T04:23:32","guid":{"rendered":"https:\/\/investelsalvador.com\/?p=697"},"modified":"2020-01-24T04:23:32","modified_gmt":"2020-01-24T04:23:32","slug":"proesa-participates-in-the-inauguration-of-the-garten-zonte-hotel","status":"publish","type":"post","link":"https:\/\/invest.sv\/es\/proesa-participates-in-the-inauguration-of-the-garten-zonte-hotel\/","title":{"rendered":"PROESA participa en la inauguraci\u00f3n del Hotel Garten Zonte"},"content":{"rendered":"<p>La Agencia de Promoci\u00f3n de Exportaciones e Inversiones de El Salvador (PROESA) particip\u00f3 en la inauguraci\u00f3n del Hotel Garten Zonte, ubicado en el kil\u00f3metro 53, Playa El Zonte, La Libertad.<\/p>\n<p>Este proyecto enfocado en bodas y eventos de destino, ha sido desarrollado por inversionistas de USA y fortalecer\u00e1 el sector tur\u00edstico en El Salvador.<\/p>\n<p>La idea de Garten es compartir la belleza, la cultura y las maravillas de El Salvador con un nuevo tipo de turista. Las residencias de Garten \u2013 Zonte, los restaurantes innovadores, el spa, las galer\u00edas de compras seleccionadas, el caf\u00e9 gourmet y el estudio de yoga est\u00e1n dise\u00f1ados para conectar a sus hu\u00e9spedes con naturaleza sin renunciar a la comodidad y el servicio. Garten acomoda f\u00e1cilmente eventos con capacidad para 200 invitados.<\/p>\n<p>.<\/p>\n<p>PROESA brind\u00f3 la asistencia y el apoyo necesario al grupo inversor para culminar con \u00e9xito este nuevo proyecto en El Salvador.<\/p>\n<p>&nbsp;<\/p>\n<p>Para m\u00e1s informaci\u00f3n, visite:\u00a0<a href=\"https:\/\/www.gartenzonte.com\/about\">https:\/\/www.gartenzonte.com<\/a><\/p>","protected":false},"excerpt":{"rendered":"<p>The Export and Investment Promotion Agency of El Salvador (PROESA) participated at the inauguration of the Garten Zonte Hotel, located at kilometer 53, Playa El Zonte, La Libertad. This project [&hellip;]<\/p>","protected":false},"author":15,"featured_media":698,"comment_status":"closed","ping_status":"open","sticky":false,"template":"","format":"standard","meta":{"_acf_changed":false,"_eb_attr":"","footnotes":""},"categories":[3],"tags":[2],"class_list":["post-697","post","type-post","status-publish","format-standard","has-post-thumbnail","hentry","category-turismo","tag-tourism-elsalvador-proesa-surf-beach-playas-surfcity"],"acf":[],"aioseo_notices":[],"_links":{"self":[{"href":"https:\/\/invest.sv\/es\/wp-json\/wp\/v2\/posts\/697","targetHints":{"allow":["GET"]}}],"collection":[{"href":"https:\/\/invest.sv\/es\/wp-json\/wp\/v2\/posts"}],"about":[{"href":"https:\/\/invest.sv\/es\/wp-json\/wp\/v2\/types\/post"}],"author":[{"embeddable":true,"href":"https:\/\/invest.sv\/es\/wp-json\/wp\/v2\/users\/15"}],"replies":[{"embeddable":true,"href":"https:\/\/invest.sv\/es\/wp-json\/wp\/v2\/comments?post=697"}],"version-history":[{"count":0,"href":"https:\/\/invest.sv\/es\/wp-json\/wp\/v2\/posts\/697\/revisions"}],"wp:featuredmedia":[{"embeddable":true,"href":"https:\/\/invest.sv\/es\/wp-json\/wp\/v2\/media\/698"}],"wp:attachment":[{"href":"https:\/\/invest.sv\/es\/wp-json\/wp\/v2\/media?parent=697"}],"wp:term":[{"taxonomy":"category","embeddable":true,"href":"https:\/\/invest.sv\/es\/wp-json\/wp\/v2\/categories?post=697"},{"taxonomy":"post_tag","embeddable":true,"href":"https:\/\/invest.sv\/es\/wp-json\/wp\/v2\/tags?post=697"}],"curies":[{"name":"palabra clave","href":"https:\/\/api.w.org\/{rel}","templated":true}]}}