{"id":5635,"date":"2022-12-20T17:24:19","date_gmt":"2022-12-20T17:24:19","guid":{"rendered":"https:\/\/investelsalvador.com\/?p=5635"},"modified":"2022-12-20T17:24:19","modified_gmt":"2022-12-20T17:24:19","slug":"el-salvador-will-promote-trade-facilitation-in-the-region","status":"publish","type":"post","link":"https:\/\/invest.sv\/es\/el-salvador-will-promote-trade-facilitation-in-the-region\/","title":{"rendered":"El Salvador impulsar\u00e1 la Facilitaci\u00f3n del Comercio en la regi\u00f3n"},"content":{"rendered":"<p style=\"text-align: justify;\">La ministra de Econom\u00eda, Mar\u00eda Luisa Hayem, buscar\u00e1 impulsar la agenda de Facilitaci\u00f3n del Comercio en la regi\u00f3n el pr\u00f3ximo a\u00f1o. As\u00ed lo expres\u00f3 luego de asumir la Presidencia Pro-T\u00e9mpore del Subsistema de Integraci\u00f3n Econ\u00f3mica Centroamericana y del Consejo de Ministros de Integraci\u00f3n Econ\u00f3mica (COMIECO), durante el evento de presentaci\u00f3n de resultados del proyecto de Integraci\u00f3n Econ\u00f3mica Regional Centroamericana (INTEC), realizado el pasado viernes en Antigua Guatemala.<\/p>\n<p style=\"text-align: justify;\">\u00abEn nombre de los pa\u00edses centroamericanos, me complace debutar como Presidente Pro-T\u00e9mpore del Subsistema Econ\u00f3mico en un evento de tanta trascendencia para la regi\u00f3n, en el cual culminamos con \u00e9xito el Proyecto de Integraci\u00f3n Econ\u00f3mica Regional Centroamericana (INTEC), ejecutado por la Secretar\u00eda de Integraci\u00f3n Econ\u00f3mica Centroamericana (SIECA), que ha marcado un hito en la Integraci\u00f3n Econ\u00f3mica Centroamericana\u201d, dijo.<\/p>\n<p style=\"text-align: justify;\">Explic\u00f3 que, con el proyecto INTEC en los pa\u00edses centroamericanos, las empresas se han beneficiado en diferentes \u00e1reas con iniciativas como la aprobaci\u00f3n del marco regulatorio centroamericano, en cumplimiento de los compromisos del Acuerdo de Asociaci\u00f3n, Comercio y Desarrollo Sostenible, Propiedad Intelectual , y la Estrategia Centroamericana de Facilitaci\u00f3n del Comercio.<\/p>\n<p style=\"text-align: justify;\">Sobre este \u00faltimo elemento, destac\u00f3 el apoyo de la Uni\u00f3n Europea (UE) al desarrollo de la Plataforma Digital Centroamericana de Comercio (PDCC), que es un eje transversal de la Estrategia, que contribuir\u00e1 a agilizar el comercio, a trav\u00e9s de la interconexi\u00f3n de las autoridades involucradas en el comercio.<\/p>\n<p style=\"text-align: justify;\">\u201cTrabajaremos para actualizar la estrategia regional de Facilitaci\u00f3n del Comercio y promover iniciativas que transformen el comercio en nuestros pa\u00edses\u201d, dijo.<\/p>\n<p style=\"text-align: justify;\">Adem\u00e1s, la funcionaria explic\u00f3 que durante su gesti\u00f3n, de enero a diciembre de 2023, se dedicar\u00e1 a impulsar el logro de los objetivos estrat\u00e9gicos de la Integraci\u00f3n Econ\u00f3mica de la regi\u00f3n.<\/p>\n<p style=\"text-align: justify;\">Gracias por la confianza que se ha depositado en nosotros. La idea es concretar los temas que est\u00e1n en la agenda regional, pero que no se han cumplido\u201d, dijo el ministro.<\/p>\n<p style=\"text-align: justify;\">Tambi\u00e9n resalt\u00f3 que como uno de los motores del crecimiento econ\u00f3mico pospandemia, El Salvador buscar\u00e1 aprovechar los acuerdos comerciales de los pa\u00edses de la regi\u00f3n con socios comerciales estrat\u00e9gicos en ejes como: destino de exportaciones, promoci\u00f3n de inversiones e internacional. cooperaci\u00f3n.<\/p>\n<p style=\"text-align: justify;\">\u201cEstamos entusiasmados y con mucha responsabilidad asumimos el liderazgo de este foro. Todo este impulso que estamos implementando d\u00eda a d\u00eda en El Salvador en Facilitaci\u00f3n de Comercio tambi\u00e9n se trasladar\u00e1 a este foro\u201d, agreg\u00f3.<\/p>","protected":false},"excerpt":{"rendered":"<p>The Economy Minister, Mar\u00eda Luisa Hayem, will seek to promote the Trade Facilitation agenda in the region next year. This was expressed after assuming the Pro-Tempore Presidency of the Central [&hellip;]<\/p>","protected":false},"author":15,"featured_media":5639,"comment_status":"closed","ping_status":"open","sticky":false,"template":"","format":"standard","meta":{"_acf_changed":false,"_eb_attr":"","footnotes":""},"categories":[4],"tags":[],"class_list":["post-5635","post","type-post","status-publish","format-standard","has-post-thumbnail","hentry","category-news"],"acf":[],"aioseo_notices":[],"_links":{"self":[{"href":"https:\/\/invest.sv\/es\/wp-json\/wp\/v2\/posts\/5635","targetHints":{"allow":["GET"]}}],"collection":[{"href":"https:\/\/invest.sv\/es\/wp-json\/wp\/v2\/posts"}],"about":[{"href":"https:\/\/invest.sv\/es\/wp-json\/wp\/v2\/types\/post"}],"author":[{"embeddable":true,"href":"https:\/\/invest.sv\/es\/wp-json\/wp\/v2\/users\/15"}],"replies":[{"embeddable":true,"href":"https:\/\/invest.sv\/es\/wp-json\/wp\/v2\/comments?post=5635"}],"version-history":[{"count":0,"href":"https:\/\/invest.sv\/es\/wp-json\/wp\/v2\/posts\/5635\/revisions"}],"wp:featuredmedia":[{"embeddable":true,"href":"https:\/\/invest.sv\/es\/wp-json\/wp\/v2\/media\/5639"}],"wp:attachment":[{"href":"https:\/\/invest.sv\/es\/wp-json\/wp\/v2\/media?parent=5635"}],"wp:term":[{"taxonomy":"category","embeddable":true,"href":"https:\/\/invest.sv\/es\/wp-json\/wp\/v2\/categories?post=5635"},{"taxonomy":"post_tag","embeddable":true,"href":"https:\/\/invest.sv\/es\/wp-json\/wp\/v2\/tags?post=5635"}],"curies":[{"name":"palabra clave","href":"https:\/\/api.w.org\/{rel}","templated":true}]}}