{"id":5172,"date":"2022-10-25T20:41:54","date_gmt":"2022-10-25T20:41:54","guid":{"rendered":"https:\/\/investelsalvador.com\/?p=5172"},"modified":"2022-10-25T20:41:54","modified_gmt":"2022-10-25T20:41:54","slug":"inflation-in-el-salvador-adds-its-fifth-consecutive-month-above-7","status":"publish","type":"post","link":"https:\/\/invest.sv\/es\/inflation-in-el-salvador-adds-its-fifth-consecutive-month-above-7\/","title":{"rendered":"Inflaci\u00f3n en El Salvador suma su quinto mes consecutivo por encima de 7%"},"content":{"rendered":"<p style=\"text-align: justify;\">La tasa de inflaci\u00f3n interanual de septiembre en El Salvador se ubic\u00f3 en aproximadamente 7,5%, con lo que el pa\u00eds centroamericano sum\u00f3 su quinto mes consecutivo con este \u00edndice por encima de los 7%, seg\u00fan cifras del Banco Central de Reserva (BCR) consultadas este martes. Mi\u00e9rcoles por EFE.<\/p>\n<p style=\"text-align: justify;\">Los registros en l\u00ednea del BCR, que contabilizan la inflaci\u00f3n desde 2010, indican que solo en septiembre la inflaci\u00f3n fue de 0,25% y la acumulada en 2022 lleg\u00f3 a 5,72%.<\/p>\n<p style=\"text-align: justify;\">La Direcci\u00f3n General de Estad\u00edsticas y Censos (Digestyc), dependiente del Ministerio de Econom\u00eda, a\u00fan no ha publicado sus cifras del \u00edndice de precios al consumidor de septiembre.<\/p>\n<p style=\"text-align: justify;\">La entidad se\u00f1al\u00f3 en un bolet\u00edn que en agosto se destacan \u201clas alzas\u201d de precios en muebles, art\u00edculos para el hogar, restaurantes y hoteles. La instituci\u00f3n destac\u00f3 que las bebidas alcoh\u00f3licas y el tabaco registraron \u201cla principal disminuci\u00f3n\u201d.<\/p>\n<p style=\"text-align: justify;\">El Digestyc se\u00f1al\u00f3 que entre agosto de 2022, en comparaci\u00f3n con el mismo mes de 2021, hubo un aumento de 1,51 puntos porcentuales, ya que el \u00edndice de precios pas\u00f3 de 3.95% a 5.46%.<\/p>\n<p style=\"text-align: justify;\">Agreg\u00f3 que esto fue \u201cmotivado por una mayor tasa de variaci\u00f3n de los precios en general, lo que contribuye a mantener un nivel de inflaci\u00f3n relativamente superior al registrado en agosto de 2021\u201d.<\/p>\n<p style=\"text-align: justify;\">Para tratar de reducir los efectos de la crisis econ\u00f3mica mundial, la Asamblea Legislativa de El Salvador aprob\u00f3 una ley para congelar los precios de los combustibles.<\/p>\n<p style=\"text-align: justify;\">Seg\u00fan el Poder Legislativo, la medida \u201cha permitido un ahorro total a los salvadore\u00f1os de aproximadamente 293 millones de d\u00f3lares\u201d.<\/p>\n<p style=\"text-align: justify;\">\n<p style=\"text-align: justify;\">Fuente: Revista Summa<\/p>","protected":false},"excerpt":{"rendered":"<p>The year-on-year rate of inflation in September in El Salvador stood at approximately 7.5%, with which the Central American country added its fifth consecutive month with this index above 7%, [&hellip;]<\/p>","protected":false},"author":15,"featured_media":5173,"comment_status":"closed","ping_status":"open","sticky":false,"template":"","format":"standard","meta":{"_acf_changed":false,"_eb_attr":"","footnotes":""},"categories":[11],"tags":[],"class_list":["post-5172","post","type-post","status-publish","format-standard","has-post-thumbnail","hentry","category-invest"],"acf":[],"aioseo_notices":[],"_links":{"self":[{"href":"https:\/\/invest.sv\/es\/wp-json\/wp\/v2\/posts\/5172","targetHints":{"allow":["GET"]}}],"collection":[{"href":"https:\/\/invest.sv\/es\/wp-json\/wp\/v2\/posts"}],"about":[{"href":"https:\/\/invest.sv\/es\/wp-json\/wp\/v2\/types\/post"}],"author":[{"embeddable":true,"href":"https:\/\/invest.sv\/es\/wp-json\/wp\/v2\/users\/15"}],"replies":[{"embeddable":true,"href":"https:\/\/invest.sv\/es\/wp-json\/wp\/v2\/comments?post=5172"}],"version-history":[{"count":0,"href":"https:\/\/invest.sv\/es\/wp-json\/wp\/v2\/posts\/5172\/revisions"}],"wp:featuredmedia":[{"embeddable":true,"href":"https:\/\/invest.sv\/es\/wp-json\/wp\/v2\/media\/5173"}],"wp:attachment":[{"href":"https:\/\/invest.sv\/es\/wp-json\/wp\/v2\/media?parent=5172"}],"wp:term":[{"taxonomy":"category","embeddable":true,"href":"https:\/\/invest.sv\/es\/wp-json\/wp\/v2\/categories?post=5172"},{"taxonomy":"post_tag","embeddable":true,"href":"https:\/\/invest.sv\/es\/wp-json\/wp\/v2\/tags?post=5172"}],"curies":[{"name":"palabra clave","href":"https:\/\/api.w.org\/{rel}","templated":true}]}}