{"id":4822,"date":"2022-07-27T18:00:52","date_gmt":"2022-07-27T18:00:52","guid":{"rendered":"https:\/\/investelsalvador.com\/?p=4822"},"modified":"2022-07-27T18:00:52","modified_gmt":"2022-07-27T18:00:52","slug":"customs-integration-process-advances-with-guatemala-and-honduras","status":"publish","type":"post","link":"https:\/\/invest.sv\/es\/customs-integration-process-advances-with-guatemala-and-honduras\/","title":{"rendered":"Avanza proceso de integraci\u00f3n aduanera con Guatemala y Honduras"},"content":{"rendered":"<p style=\"text-align: justify;\">Autoridades salvadore\u00f1as de los ministerios de Econom\u00eda y Finanzas participaron, junto a sus pares de Guatemala y Honduras y representantes de la Secretar\u00eda General del Sistema de Integraci\u00f3n Econ\u00f3mica Centroamericana (Sieca), en la Reuni\u00f3n de Alto Nivel del Proceso de Integraci\u00f3n Profunda entre las tres naciones .<\/p>\n<p style=\"text-align: justify;\">En el encuentro se present\u00f3 la hoja de ruta para la incorporaci\u00f3n de El Salvador y la Ministra de Econom\u00eda, Mar\u00eda Luisa Hayem, destac\u00f3 el compromiso del Gobierno del Presidente Nayib Bukele para impulsar la facilitaci\u00f3n del comercio centroamericano, donde el Tri\u00e1ngulo Norte constituye 48% en la regi\u00f3n, lo que result\u00f3 en $6.238 millones en 2021.<\/p>\n<p style=\"text-align: justify;\">\u201cEl Salvador mantiene un fuerte compromiso con el proceso de integraci\u00f3n profunda, que traer\u00e1 importantes beneficios a nuestras poblaciones\u201d, dijo Hayem.<\/p>\n<p style=\"text-align: justify;\">Por su parte, la directora general de Aduanas, Samadhy Mart\u00ednez, se\u00f1al\u00f3 que \u201cla integraci\u00f3n profunda implica que los puestos y procesos aduaneros van a funcionar para los tres pa\u00edses al mismo tiempo, en lugar de tramitar pa\u00eds por pa\u00eds\u201d.<\/p>\n<p style=\"text-align: justify;\">Esta nueva din\u00e1mica aduanera tambi\u00e9n representa una reducci\u00f3n significativa para los empresarios que hacen uso del sistema y que en el pasado enfrentaban el escollo de las aduanas sin homologaci\u00f3n de tr\u00e1mites, y ayudar\u00e1 a \u201cdinamizar el comercio y hacer de la regi\u00f3n centroamericana m\u00e1s competitiva y un referente en materia de comercio\u201d. escala internacional\u201d, agreg\u00f3 Mart\u00ednez.<\/p>\n<p style=\"text-align: justify;\">Durante la administraci\u00f3n Bukele, las operaciones de comercio exterior han logrado un desempe\u00f1o hist\u00f3ricamente positivo, con un crecimiento de 17% a mayo de este a\u00f1o, frente al movimiento acumulado de los primeros cinco meses del a\u00f1o pasado.<\/p>\n<p style=\"text-align: justify;\">Seg\u00fan las autoridades, esto se debe a esfuerzos internos para eliminar la burocracia, facilitar los tr\u00e1mites comerciales y una relaci\u00f3n m\u00e1s productiva con el sector empresarial.<\/p>\n<p style=\"text-align: justify;\">PROYECTOS CON GUATEMALA<\/p>\n<p style=\"text-align: justify;\">El ministro Hayem inform\u00f3 que, en el caso espec\u00edfico de Guatemala, el Gobierno salvadore\u00f1o prev\u00e9 generar varios proyectos, como la creaci\u00f3n de una nueva ruta comercial con Guatemala y que como parte de esta iniciativa el Ministerio de Obras P\u00fablicas (MOP) ya est\u00e1 construyendo m\u00faltiples obras en el occidente del pa\u00eds.<\/p>\n<p style=\"text-align: justify;\">Entre estas obras se encuentra la construcci\u00f3n de la ruta comercial entre El Salvador y Guatemala, La Magdalena-El Coco, que tendr\u00e1 una extensi\u00f3n estimada de 14 kil\u00f3metros. Tambi\u00e9n est\u00e1 la reconstrucci\u00f3n de la v\u00eda a Las Chinamas (m\u00e1s de 30 kil\u00f3metros), la rehabilitaci\u00f3n de la v\u00eda del kil\u00f3metro 5 a La Hachadura (43 kil\u00f3metros) y la construcci\u00f3n del puente internacional Manuel Jos\u00e9 Arce (160 metros).<\/p>","protected":false},"excerpt":{"rendered":"<p>Salvadoran authorities from the ministries of Economy and Finance participated, together with their counterparts from Guatemala and Honduras and representatives of the General Secretariat of the Central American Economic Integration [&hellip;]<\/p>","protected":false},"author":15,"featured_media":4823,"comment_status":"closed","ping_status":"open","sticky":false,"template":"","format":"standard","meta":{"_acf_changed":false,"_eb_attr":"","footnotes":""},"categories":[4],"tags":[],"class_list":["post-4822","post","type-post","status-publish","format-standard","has-post-thumbnail","hentry","category-news"],"acf":[],"aioseo_notices":[],"_links":{"self":[{"href":"https:\/\/invest.sv\/es\/wp-json\/wp\/v2\/posts\/4822","targetHints":{"allow":["GET"]}}],"collection":[{"href":"https:\/\/invest.sv\/es\/wp-json\/wp\/v2\/posts"}],"about":[{"href":"https:\/\/invest.sv\/es\/wp-json\/wp\/v2\/types\/post"}],"author":[{"embeddable":true,"href":"https:\/\/invest.sv\/es\/wp-json\/wp\/v2\/users\/15"}],"replies":[{"embeddable":true,"href":"https:\/\/invest.sv\/es\/wp-json\/wp\/v2\/comments?post=4822"}],"version-history":[{"count":0,"href":"https:\/\/invest.sv\/es\/wp-json\/wp\/v2\/posts\/4822\/revisions"}],"wp:featuredmedia":[{"embeddable":true,"href":"https:\/\/invest.sv\/es\/wp-json\/wp\/v2\/media\/4823"}],"wp:attachment":[{"href":"https:\/\/invest.sv\/es\/wp-json\/wp\/v2\/media?parent=4822"}],"wp:term":[{"taxonomy":"category","embeddable":true,"href":"https:\/\/invest.sv\/es\/wp-json\/wp\/v2\/categories?post=4822"},{"taxonomy":"post_tag","embeddable":true,"href":"https:\/\/invest.sv\/es\/wp-json\/wp\/v2\/tags?post=4822"}],"curies":[{"name":"palabra clave","href":"https:\/\/api.w.org\/{rel}","templated":true}]}}