{"id":4161,"date":"2021-11-20T15:27:27","date_gmt":"2021-11-20T15:27:27","guid":{"rendered":"https:\/\/isv.webtus.net\/?p=4161"},"modified":"2021-11-20T15:27:27","modified_gmt":"2021-11-20T15:27:27","slug":"first-data-center-to-be-installed-in-el-salvador-with-30-million-investment","status":"publish","type":"post","link":"https:\/\/invest.sv\/es\/first-data-center-to-be-installed-in-el-salvador-with-30-million-investment\/","title":{"rendered":"Se instalar\u00e1 primer centro de datos en El Salvador con inversi\u00f3n de $30 millones"},"content":{"rendered":"<p>El Salvador est\u00e1 dando pasos agigantados para convertirse en una \u201cnaci\u00f3n digital\u201d, como lo proponen los funcionarios del gobierno. El 23 de noviembre, el Grupo Aristos de El Salvador, especialista en el desarrollo de zonas francas e industriales, junto con la firma tecnol\u00f3gica Codisa, de Costa Rica, iniciaron la construcci\u00f3n de Altius Tech Park, que se proyecta ser\u00e1 el parque tecnol\u00f3gico m\u00e1s grande del pa\u00eds, a ubicarse en Ciudad Arce, La Libertad.<\/p>\n<p>Este complejo industrial contar\u00e1 con ocho edificios. El primero de ellos albergar\u00e1 Data Trust, el primer centro de datos comercial certificado que ofrecer\u00e1 almacenamiento y resguardo de informaci\u00f3n para grandes empresas del sector financiero y privado, as\u00ed como instituciones del sector p\u00fablico, con una inversi\u00f3n inicial de $30 millones.<\/p>\n<p>El espacio de almacenamiento de datos estar\u00e1 anclado al parque y se espera que comience a operar en el \u00faltimo trimestre de 2022.<\/p>\n<p>El Presidente de la Rep\u00fablica, Nayib Bukele, quien asisti\u00f3 a la colocaci\u00f3n de la primera piedra, dijo que \u201cel pa\u00eds que heredamos fue malo en todo (\u2026) El Salvador tendr\u00e1 el primer centro de datos. Ser\u00e1 el mejor centro de datos de un parque tecnol\u00f3gico que generar\u00e1 5.000 puestos de trabajo\u201d.<\/p>\n<p>\u201cSe ve por todos que nuestro pa\u00eds ahora tiene una visi\u00f3n y un crecimiento econ\u00f3mico, una direcci\u00f3n positiva\u201d, agreg\u00f3 Bukele.<\/p>\n<p>Data Trust contar\u00e1 con una infraestructura clase A y un certificado Tier III, acreditaci\u00f3n que garantiza la continuidad de los servicios, sistemas de refrigeraci\u00f3n y suministro el\u00e9ctrico permanente a partir de energ\u00edas renovables para los equipos dentro de las instalaciones.<\/p>\n<p>El presidente de Grupo Codisa, Ronald Jim\u00e9nez, afirm\u00f3 que el proyecto del centro de datos ha llevado m\u00e1s de dos a\u00f1os de planificaci\u00f3n, incluyendo el estudio de terreno adecuado, dise\u00f1o, certificaciones y permisos, con la visi\u00f3n de crear un espacio tecnol\u00f3gico de clase mundial.<\/p>\n<p>\u201cNuestra apuesta es convertirnos en los custodios de la comunicaci\u00f3n m\u00e1s importante del pa\u00eds. Codisa es l\u00edder regional en el desarrollo, operaci\u00f3n y gesti\u00f3n de plataformas disruptivas utilizando la m\u00e1s moderna tecnolog\u00eda, no hay otra. Toda esta experiencia ahora est\u00e1 a disposici\u00f3n de nuestro socio salvadore\u00f1o para darle vida a Data Trust\u201d, agreg\u00f3 Jim\u00e9nez.<\/p>\n<p>Por su parte, Jos\u00e9 Escobar, director general de Grupo Aristos, destac\u00f3 que Data Trust es la punta de lanza del complejo tecnol\u00f3gico de 46.000 metros cuadrados y se espera que abra la puerta en los pr\u00f3ximos tres a\u00f1os a un ecosistema con inversiones de este tipo.<\/p>\n<p>\u201cAltius nace como respuesta a la demanda de espacios de trabajo para empresas locales y extranjeras relacionadas con la tecnolog\u00eda, queremos crear un ecosistema tecnol\u00f3gico nunca antes visto en el pa\u00eds, con oficinas corporativas, BPOs, call centers, data centers, desarrollo de software, programaci\u00f3n de negocios, docencia, entre otros\u201d, dijo Escobar.<\/p>\n<p>Adem\u00e1s, el empresario salvadore\u00f1o agradeci\u00f3 a instituciones gubernamentales como la Secretar\u00eda de Comercio e Inversiones, que encabeza Miguel Katt\u00e1n, quienes brindaron apoyo a este proyecto, que al culminar tendr\u00e1 el potencial de generar m\u00e1s de cinco mil empleos, tanto directos e indirecto.<\/p>","protected":false},"excerpt":{"rendered":"<p>El Salvador is taking giant steps towards becoming a \u201cdigital nation\u201d, as proposed by government officials. On November 23, El Salvador\u2019s Grupo Aristos, a specialist in the development of free [&hellip;]<\/p>","protected":false},"author":15,"featured_media":4162,"comment_status":"closed","ping_status":"open","sticky":false,"template":"","format":"standard","meta":{"_acf_changed":false,"_eb_attr":"","footnotes":""},"categories":[11],"tags":[],"class_list":["post-4161","post","type-post","status-publish","format-standard","has-post-thumbnail","hentry","category-invest"],"acf":[],"aioseo_notices":[],"_links":{"self":[{"href":"https:\/\/invest.sv\/es\/wp-json\/wp\/v2\/posts\/4161","targetHints":{"allow":["GET"]}}],"collection":[{"href":"https:\/\/invest.sv\/es\/wp-json\/wp\/v2\/posts"}],"about":[{"href":"https:\/\/invest.sv\/es\/wp-json\/wp\/v2\/types\/post"}],"author":[{"embeddable":true,"href":"https:\/\/invest.sv\/es\/wp-json\/wp\/v2\/users\/15"}],"replies":[{"embeddable":true,"href":"https:\/\/invest.sv\/es\/wp-json\/wp\/v2\/comments?post=4161"}],"version-history":[{"count":0,"href":"https:\/\/invest.sv\/es\/wp-json\/wp\/v2\/posts\/4161\/revisions"}],"wp:featuredmedia":[{"embeddable":true,"href":"https:\/\/invest.sv\/es\/wp-json\/wp\/v2\/media\/4162"}],"wp:attachment":[{"href":"https:\/\/invest.sv\/es\/wp-json\/wp\/v2\/media?parent=4161"}],"wp:term":[{"taxonomy":"category","embeddable":true,"href":"https:\/\/invest.sv\/es\/wp-json\/wp\/v2\/categories?post=4161"},{"taxonomy":"post_tag","embeddable":true,"href":"https:\/\/invest.sv\/es\/wp-json\/wp\/v2\/tags?post=4161"}],"curies":[{"name":"palabra clave","href":"https:\/\/api.w.org\/{rel}","templated":true}]}}