{"id":2934,"date":"2021-06-03T20:59:15","date_gmt":"2021-06-03T20:59:15","guid":{"rendered":"https:\/\/investelsalvador.com\/?p=2934"},"modified":"2021-06-03T20:59:15","modified_gmt":"2021-06-03T20:59:15","slug":"el-salvador-expodubai","status":"publish","type":"post","link":"https:\/\/invest.sv\/es\/el-salvador-expodubai\/","title":{"rendered":"El Salvador participar\u00e1 en Expo Dub\u00e1i"},"content":{"rendered":"<div style=\"text-align: justify;\">El Salvador se prepara para participar en <a href=\"https:\/\/www.expo2020dubai.com\/\" target=\"_blank\" rel=\"noopener noreferrer\">Expo Dub\u00e1i 2020<\/a>, considerada una de las ferias m\u00e1s grandes del mundo. debido al 2020 <a href=\"https:\/\/investelsalvador.com\/covid19\/\" target=\"_blank\" rel=\"noopener noreferrer\">pandemia<\/a>, la feria se pospuso para 2021.<\/div>\n<div style=\"text-align: justify;\"><\/div>\n<div>Como parte de las actividades de preparaci\u00f3n de la feria, se realizan diferentes foros y presentaciones plenarias con todos los pa\u00edses participantes, as\u00ed como visitas t\u00e9cnicas, reconocimiento al Expo Village, que es el lugar donde se encuentran los apartamentos que albergar\u00e1n al personal de la Expo. , y por supuesto los procesos para la emisi\u00f3n de las respectivas visas.<\/div>\n<div><\/div>\n<div>\n<figure id=\"attachment_2936\" aria-describedby=\"caption-attachment-2936\" style=\"width: 284px\" class=\"wp-caption aligncenter\"><img fetchpriority=\"high\" decoding=\"async\" class=\"wp-image-2936 size-full\" title=\"Expo Dub\u00e1i\" src=\"https:\/\/investelsalvador.com\/wp-content\/uploads\/2021\/06\/dubai2.jpg\" alt=\"El Salvador will participate in Expo Dubai\" width=\"284\" height=\"213\" \/><figcaption id=\"caption-attachment-2936\" class=\"wp-caption-text\">El Salvador en Expo Dub\u00e1i<\/figcaption><\/figure>\n<\/div>\n<div><\/div>\n<div style=\"text-align: justify;\">Se espera la participaci\u00f3n de 192 pa\u00edses, incluido El Salvador, donde m\u00e1s de 25 millones de personas podr\u00e1n conocer las diferentes <a href=\"https:\/\/investelsalvador.com\/awl_filter_gallery\/investment-opportunities\/\" target=\"_blank\" rel=\"noopener noreferrer\">oportunidades de inversi\u00f3n<\/a>, exportaci\u00f3n, comercio, <a href=\"https:\/\/investelsalvador.com\/tourism\/\" target=\"_blank\" rel=\"noopener noreferrer\">turismo<\/a>, etc. que posee nuestro pa\u00eds.<\/div>\n<div><\/div>","protected":false},"excerpt":{"rendered":"<p>El Salvador is preparing to participate in Expo Dubai 2020, considered one of the largest fairs in the world. Due to the 2020 pandemic, the fair was postponed to 2021. [&hellip;]<\/p>","protected":false},"author":15,"featured_media":2935,"comment_status":"closed","ping_status":"open","sticky":false,"template":"","format":"standard","meta":{"_acf_changed":false,"_eb_attr":"","footnotes":""},"categories":[4],"tags":[9,51],"class_list":["post-2934","post","type-post","status-publish","format-standard","has-post-thumbnail","hentry","category-news","tag-el-salvador","tag-expo-dubai"],"acf":[],"aioseo_notices":[],"_links":{"self":[{"href":"https:\/\/invest.sv\/es\/wp-json\/wp\/v2\/posts\/2934","targetHints":{"allow":["GET"]}}],"collection":[{"href":"https:\/\/invest.sv\/es\/wp-json\/wp\/v2\/posts"}],"about":[{"href":"https:\/\/invest.sv\/es\/wp-json\/wp\/v2\/types\/post"}],"author":[{"embeddable":true,"href":"https:\/\/invest.sv\/es\/wp-json\/wp\/v2\/users\/15"}],"replies":[{"embeddable":true,"href":"https:\/\/invest.sv\/es\/wp-json\/wp\/v2\/comments?post=2934"}],"version-history":[{"count":0,"href":"https:\/\/invest.sv\/es\/wp-json\/wp\/v2\/posts\/2934\/revisions"}],"wp:featuredmedia":[{"embeddable":true,"href":"https:\/\/invest.sv\/es\/wp-json\/"}],"wp:attachment":[{"href":"https:\/\/invest.sv\/es\/wp-json\/wp\/v2\/media?parent=2934"}],"wp:term":[{"taxonomy":"category","embeddable":true,"href":"https:\/\/invest.sv\/es\/wp-json\/wp\/v2\/categories?post=2934"},{"taxonomy":"post_tag","embeddable":true,"href":"https:\/\/invest.sv\/es\/wp-json\/wp\/v2\/tags?post=2934"}],"curies":[{"name":"palabra clave","href":"https:\/\/api.w.org\/{rel}","templated":true}]}}