{"id":2909,"date":"2021-05-05T17:18:24","date_gmt":"2021-05-05T17:18:24","guid":{"rendered":"https:\/\/investelsalvador.com\/?p=2909"},"modified":"2021-05-05T17:18:24","modified_gmt":"2021-05-05T17:18:24","slug":"consultation-sessions-are-held-for-the-certification-of-professionals-and-accreditation-of-companies-in-energy-efficiency-in-el-salvador-and-panama","status":"publish","type":"post","link":"https:\/\/invest.sv\/es\/consultation-sessions-are-held-for-the-certification-of-professionals-and-accreditation-of-companies-in-energy-efficiency-in-el-salvador-and-panama\/","title":{"rendered":"Realizan jornadas de consulta para la certificaci\u00f3n de profesionales y acreditaci\u00f3n de empresas en eficiencia energ\u00e9tica en El Salvador y Panam\u00e1"},"content":{"rendered":"<p style=\"text-align: justify;\">Estas son las primeras acciones para diagnosticar y definir las bases de un esquema de certificaci\u00f3n. Con el apoyo de la cooperaci\u00f3n del programa EUROCLIMA+ y fondos de la Uni\u00f3n Europea ejecutado por la agencia de cooperaci\u00f3n espa\u00f1ola AECID.<\/p>\n<p style=\"text-align: justify;\">El Consejo Nacional de Energ\u00eda, como ente rector de la Pol\u00edtica Energ\u00e9tica Nacional de El Salvador y promotor de la eficiencia energ\u00e9tica, en conjunto con la Secretar\u00eda de Energ\u00eda de Panam\u00e1, y en el marco de la cooperaci\u00f3n otorgada por EUROCLIMA+, realizaron una jornada de talleres sobre Consulta a los principales actores del proyecto \u201cCapacitaci\u00f3n para la certificaci\u00f3n de profesionales y la acreditaci\u00f3n de empresas en eficiencia energ\u00e9tica en El Salvador y Panam\u00e1\u201d.<\/p>\n<p style=\"text-align: justify;\">Durante las reuniones virtuales se presentaron los resultados de las encuestas realizadas a dichos actores con el objetivo de obtener mayores insumos en el tema de eficiencia energ\u00e9tica y la certificaci\u00f3n de competencias individuales de los profesionales en la materia.<\/p>\n<p style=\"text-align: justify;\">En estos talleres participaron consultores especialistas en temas energ\u00e9ticos, representantes de instituciones de formaci\u00f3n, proveedores de equipos eficientes, inversionistas del sector privado, representantes de instituciones p\u00fablicas y entidades bancarias.<\/p>\n<p style=\"text-align: justify;\">Mejoras en el rendimiento energ\u00e9tico<\/p>\n<p style=\"text-align: justify;\">Existe una relaci\u00f3n directa a nivel mundial entre el aumento del consumo de energ\u00eda y el aumento de las emisiones de Gases de Efecto Invernadero (GEI). Por otro lado, la demanda de electricidad es cada vez mayor, esto requiere optimizar los usos finales de la energ\u00eda.<\/p>\n<p style=\"text-align: justify;\">La medici\u00f3n del rendimiento energ\u00e9tico de una instalaci\u00f3n es fundamental para saber si se est\u00e1 produciendo o no un despilfarro energ\u00e9tico, esto permitir\u00e1 a una organizaci\u00f3n establecer y proponer medidas de ahorro que garanticen un impacto directo en los costes de producci\u00f3n o en los servicios prestados.<\/p>\n<p style=\"text-align: justify;\">El proyecto busca que los profesionales que realizan las auditor\u00edas energ\u00e9ticas tengan las competencias necesarias para llevar a cabo esta actividad. Actualmente, la figura del consultor energ\u00e9tico no est\u00e1 definida, en este sentido, la certificaci\u00f3n de personas asegurar\u00e1 de manera objetiva y transparente que cumplen con las competencias laborales necesarias para realizar auditor\u00edas energ\u00e9ticas.<\/p>\n<p style=\"text-align: justify;\">Dise\u00f1o de programa<\/p>\n<p style=\"text-align: justify;\">El programa tiene como objetivo aplicar los lineamientos generales de la norma ISO\/ICE 17024:2012, con el objetivo de dise\u00f1ar esquemas de certificaci\u00f3n, siendo este el principal producto que pretende promover un proceso de certificaci\u00f3n de competencias en dos especialidades: procesos industriales y en edificaci\u00f3n. .<\/p>\n<p style=\"text-align: justify;\">El proyecto tambi\u00e9n contempla promover la acreditaci\u00f3n de empresas que tendr\u00e1n la responsabilidad de formar y acreditar profesionales, lo que se traducir\u00e1 en mayor confianza para el desarrollo de inversiones en eficiencia energ\u00e9tica.<\/p>","protected":false},"excerpt":{"rendered":"<p>These are the first actions to diagnose and define the foundations of a certification scheme. With the support of the cooperation of the EUROCLIMA + program and funds from the [&hellip;]<\/p>","protected":false},"author":15,"featured_media":2910,"comment_status":"closed","ping_status":"open","sticky":false,"template":"","format":"standard","meta":{"_acf_changed":false,"_eb_attr":"","footnotes":""},"categories":[5,49],"tags":[],"class_list":["post-2909","post","type-post","status-publish","format-standard","has-post-thumbnail","hentry","category-energia","category-energy"],"acf":[],"aioseo_notices":[],"_links":{"self":[{"href":"https:\/\/invest.sv\/es\/wp-json\/wp\/v2\/posts\/2909","targetHints":{"allow":["GET"]}}],"collection":[{"href":"https:\/\/invest.sv\/es\/wp-json\/wp\/v2\/posts"}],"about":[{"href":"https:\/\/invest.sv\/es\/wp-json\/wp\/v2\/types\/post"}],"author":[{"embeddable":true,"href":"https:\/\/invest.sv\/es\/wp-json\/wp\/v2\/users\/15"}],"replies":[{"embeddable":true,"href":"https:\/\/invest.sv\/es\/wp-json\/wp\/v2\/comments?post=2909"}],"version-history":[{"count":0,"href":"https:\/\/invest.sv\/es\/wp-json\/wp\/v2\/posts\/2909\/revisions"}],"wp:featuredmedia":[{"embeddable":true,"href":"https:\/\/invest.sv\/es\/wp-json\/"}],"wp:attachment":[{"href":"https:\/\/invest.sv\/es\/wp-json\/wp\/v2\/media?parent=2909"}],"wp:term":[{"taxonomy":"category","embeddable":true,"href":"https:\/\/invest.sv\/es\/wp-json\/wp\/v2\/categories?post=2909"},{"taxonomy":"post_tag","embeddable":true,"href":"https:\/\/invest.sv\/es\/wp-json\/wp\/v2\/tags?post=2909"}],"curies":[{"name":"palabra clave","href":"https:\/\/api.w.org\/{rel}","templated":true}]}}