{"id":25341,"date":"2024-09-06T15:02:51","date_gmt":"2024-09-06T21:02:51","guid":{"rendered":"https:\/\/invest.sv\/?p=25341"},"modified":"2024-09-06T15:02:53","modified_gmt":"2024-09-06T21:02:53","slug":"grupo-calleja-to-invest-50-million-in-el-salvador-by-2025","status":"publish","type":"post","link":"https:\/\/invest.sv\/es\/grupo-calleja-to-invest-50-million-in-el-salvador-by-2025\/","title":{"rendered":"Grupo Calleja invertir\u00e1 $50 millones en El Salvador en 2025"},"content":{"rendered":"<p>El Presidente de S\u00faper Selectos, Carlos Calleja, felicit\u00f3 al Gobierno de El Salvador por su apuesta por la econom\u00eda, e indic\u00f3 que el pr\u00f3ximo a\u00f1o prev\u00e9 abrir ocho tiendas, un centro de distribuci\u00f3n y un centro industrial de alimentos.<\/p>\n\n\n\n<figure class=\"wp-block-image size-large is-resized\"><img fetchpriority=\"high\" decoding=\"async\" width=\"1024\" height=\"683\" src=\"https:\/\/invest.sv\/wp-content\/uploads\/2024\/09\/kleomenis-spyroglou-SFo3vOgDpTo-unsplash-1024x683.jpg\" alt=\"\" class=\"wp-image-25342\" style=\"width:665px;height:auto\" srcset=\"https:\/\/invest.sv\/wp-content\/uploads\/2024\/09\/kleomenis-spyroglou-SFo3vOgDpTo-unsplash-1024x683.jpg 1024w, https:\/\/invest.sv\/wp-content\/uploads\/2024\/09\/kleomenis-spyroglou-SFo3vOgDpTo-unsplash-300x200.jpg 300w, https:\/\/invest.sv\/wp-content\/uploads\/2024\/09\/kleomenis-spyroglou-SFo3vOgDpTo-unsplash-768x512.jpg 768w, https:\/\/invest.sv\/wp-content\/uploads\/2024\/09\/kleomenis-spyroglou-SFo3vOgDpTo-unsplash-1536x1024.jpg 1536w, https:\/\/invest.sv\/wp-content\/uploads\/2024\/09\/kleomenis-spyroglou-SFo3vOgDpTo-unsplash-2048x1365.jpg 2048w, https:\/\/invest.sv\/wp-content\/uploads\/2024\/09\/kleomenis-spyroglou-SFo3vOgDpTo-unsplash-18x12.jpg 18w\" sizes=\"(max-width: 1024px) 100vw, 1024px\" \/><\/figure>\n\n\n\n<p>S\u00faper Selectos duplicar\u00e1 el mon\u00adto de sus inversiones en El Sal\u00advador en 2025, con respecto a 2024, seg\u00fan inform\u00f3 el presi\u00addente de la cadena, Carlos Ca\u00adlleja, durante la inauguraci\u00f3n de su tien\u00adda n\u00famero 116 en Surf City, La Libertad.<\/p>\n\n\n\n<p>El empresario inform\u00f3 que este a\u00f1o (hasta la fecha) las inversiones en El Salva\u00addor han sumado $25 millones en la aper\u00adtura de cinco tiendas en distintos puntos estrat\u00e9gicos del pa\u00eds, sin embargo, para el pr\u00f3ximo a\u00f1o prev\u00e9 doblar la apuesta con m\u00e1s de $50 millones como parte de su plan de inversiones, el cual incluye ocho sucursales m\u00e1s, un centro de distribuci\u00f3n y un centro industrial de alimentos.<\/p>\n\n\n\n<p>\u00abEn lo que va del a\u00f1o hemos inver\u00adtido en El Salvador unos $25 millones en capital de proyectos que nos permiten llegar cada vez m\u00e1s cerca a los salvado\u00adre\u00f1os, han sido cinco aperturas con esta (S\u00faper Selectos Surf City) este a\u00f1o, y se han generado m\u00e1s o menos 2,000 em\u00adpleos directos e indirectos\u00bb, afirm\u00f3.<\/p>\n\n\n\n<p>\u00abPara el pr\u00f3ximo a\u00f1o, estamos traba\u00adjando para una inversi\u00f3n de $50 millones con ocho supermercados, un centro de distribuci\u00f3n, y tambi\u00e9n un centro indus\u00adtrial de alimentos, y aparte de eso las re\u00admodelaciones que seguimos haciendo en la plataforma de tiendas que tenemos\u00bb, a\u00f1adi\u00f3 Calleja.<\/p>\n\n\n\n<p>Subray\u00f3 que este despliegue de in\u00adversiones reafirma la vocaci\u00f3n de la ca\u00addena de supermercados por apuntalar el bienestar de El Salvador y sus ciudada\u00adnos como lo ha venido haciendo desde su surgimiento, hace ocho d\u00e9cadas.<\/p>\n\n\n\n<p>\u00abCon esto queremos decir que El Sal\u00advador puede contar con S\u00faper Selectos y con Grupo Calleja, creemos en el pa\u00eds, creemos en los salvadore\u00f1os, estamos agradecidos con Dios y con el pueblo salvadore\u00f1o por lo que hemos podido construir y sabemos que tenemos la res\u00adponsabilidad de regresarle a este pa\u00eds con inversi\u00f3n y oportunidades lo que ellos nos han permitido hacer\u00bb, asever\u00f3.<\/p>\n\n\n\n<p>Por otra parte, reconoci\u00f3 el trabajo del Gobierno de El Salvador para impul\u00adsar la econom\u00eda nacional, y, en especial la estrategia tur\u00edstica de Surf City, don\u00adde se instal\u00f3 la tienda 116, y c\u00f3mo esta se apalanca a trav\u00e9s del entendimiento y los esfuerzos coordinados de la parte gubernamental con la empresa privada.<\/p>\n\n\n\n<p>\u00abEs una muestra de c\u00f3mo el sector p\u00fablico con el sector privado, articulan\u00addo fuerzas, trabajando juntos pueden construir algo muy importante para El Salvador, como lo es este proyecto de S\u00fa\u00adper Selectos y el centro comercial [\u2026] Es la \u00fanica forma en la que vamos a sacar adelante a El Salvador y construir el pa\u00eds que todos queremos\u00bb, recalc\u00f3.<\/p>\n\n\n\n<p>Al respecto, la ministra de Turismo, Morena Valdez, destac\u00f3 que Surf City re\u00adpresenta un polo de desarrollo econ\u00f3mi\u00adco que actualmente atrae al 30 % de los turistas que llegan al pa\u00eds.<\/p>\n\n\n\n<p>La funcionaria mencion\u00f3 que inver\u00adsiones como las que desarrolla Grupo Calleja no solo benefician a los turistas, sino que tienen un impacto en la vida de cientos de personas que viven en zonas aleda\u00f1as a los proyectos y que acceden a puestos laborales a trav\u00e9s de ellos.<\/p>\n\n\n\n<p>\u00abSe est\u00e1n generando empleos, y eso es lo que m\u00e1s necesitamos, nosotros esta\u00admos haciendo un gran esfuerzo en con\u00adjunto con el sector privado para insertar m\u00e1s j\u00f3venes en toda nuestra cadena de valor del sector tur\u00edstico y qu\u00e9 mejor ma\u00adnera de hacerlo a trav\u00e9s de este tipo de proyectos\u00bb, afirm\u00f3 la funcionaria.<\/p>\n\n\n\n<p class=\"has-small-font-size\">Fuente: Diario El Salvador<\/p>","protected":false},"excerpt":{"rendered":"<p>The President of S\u00faper Selectos, Carlos Calleja, congratulated the Government of El Salvador for its commitment to the economy, and indicated that next year it plans to open eight stores, [&hellip;]<\/p>","protected":false},"author":12,"featured_media":25342,"comment_status":"closed","ping_status":"closed","sticky":false,"template":"","format":"standard","meta":{"_acf_changed":false,"_eb_attr":"","footnotes":""},"categories":[4],"tags":[],"class_list":["post-25341","post","type-post","status-publish","format-standard","has-post-thumbnail","hentry","category-news"],"acf":[],"aioseo_notices":[],"_links":{"self":[{"href":"https:\/\/invest.sv\/es\/wp-json\/wp\/v2\/posts\/25341","targetHints":{"allow":["GET"]}}],"collection":[{"href":"https:\/\/invest.sv\/es\/wp-json\/wp\/v2\/posts"}],"about":[{"href":"https:\/\/invest.sv\/es\/wp-json\/wp\/v2\/types\/post"}],"author":[{"embeddable":true,"href":"https:\/\/invest.sv\/es\/wp-json\/wp\/v2\/users\/12"}],"replies":[{"embeddable":true,"href":"https:\/\/invest.sv\/es\/wp-json\/wp\/v2\/comments?post=25341"}],"version-history":[{"count":1,"href":"https:\/\/invest.sv\/es\/wp-json\/wp\/v2\/posts\/25341\/revisions"}],"predecessor-version":[{"id":25343,"href":"https:\/\/invest.sv\/es\/wp-json\/wp\/v2\/posts\/25341\/revisions\/25343"}],"wp:featuredmedia":[{"embeddable":true,"href":"https:\/\/invest.sv\/es\/wp-json\/wp\/v2\/media\/25342"}],"wp:attachment":[{"href":"https:\/\/invest.sv\/es\/wp-json\/wp\/v2\/media?parent=25341"}],"wp:term":[{"taxonomy":"category","embeddable":true,"href":"https:\/\/invest.sv\/es\/wp-json\/wp\/v2\/categories?post=25341"},{"taxonomy":"post_tag","embeddable":true,"href":"https:\/\/invest.sv\/es\/wp-json\/wp\/v2\/tags?post=25341"}],"curies":[{"name":"palabra clave","href":"https:\/\/api.w.org\/{rel}","templated":true}]}}