{"id":25321,"date":"2024-09-05T10:11:30","date_gmt":"2024-09-05T16:11:30","guid":{"rendered":"https:\/\/invest.sv\/?p=25321"},"modified":"2024-09-05T10:15:05","modified_gmt":"2024-09-05T16:15:05","slug":"el-salvador-committed-to-digital-bet","status":"publish","type":"post","link":"https:\/\/invest.sv\/es\/el-salvador-committed-to-digital-bet\/","title":{"rendered":"El Salvador comprometido con apuesta digital"},"content":{"rendered":"<p>San salvador, 31 ago (Prensa Latina) El vicepresidente de El Salvador, F\u00e9lix Ulloa, reiter\u00f3 hoy que el pa\u00eds est\u00e1 totalmente comprometido con su apuesta digital y asever\u00f3 que la pr\u00f3xima generaci\u00f3n de estudiantes del pa\u00eds ser\u00e1 digital.<\/p>\n\n\n\n<figure class=\"wp-block-image size-large is-resized\"><img fetchpriority=\"high\" decoding=\"async\" width=\"1024\" height=\"683\" src=\"https:\/\/invest.sv\/wp-content\/uploads\/2024\/09\/zaid-ajani-ONYiHwIO3ho-unsplash-1024x683.jpg\" alt=\"\" class=\"wp-image-25322\" style=\"width:738px;height:auto\" srcset=\"https:\/\/invest.sv\/wp-content\/uploads\/2024\/09\/zaid-ajani-ONYiHwIO3ho-unsplash-1024x683.jpg 1024w, https:\/\/invest.sv\/wp-content\/uploads\/2024\/09\/zaid-ajani-ONYiHwIO3ho-unsplash-300x200.jpg 300w, https:\/\/invest.sv\/wp-content\/uploads\/2024\/09\/zaid-ajani-ONYiHwIO3ho-unsplash-768x512.jpg 768w, https:\/\/invest.sv\/wp-content\/uploads\/2024\/09\/zaid-ajani-ONYiHwIO3ho-unsplash-1536x1024.jpg 1536w, https:\/\/invest.sv\/wp-content\/uploads\/2024\/09\/zaid-ajani-ONYiHwIO3ho-unsplash-2048x1365.jpg 2048w, https:\/\/invest.sv\/wp-content\/uploads\/2024\/09\/zaid-ajani-ONYiHwIO3ho-unsplash-18x12.jpg 18w\" sizes=\"(max-width: 1024px) 100vw, 1024px\" \/><\/figure>\n\n\n\n<p>Durante su participaci\u00f3n en el evento \u201cCumbre Semillas para el Futuro 2024\u201d desarrollado aqu\u00ed con el auspicio de la Organizaci\u00f3n de las Naciones Unidas para la Educaci\u00f3n, la Ciencia y la Cultura (Unesco) y la empresa Huawei, el vicemandatario dijo que \u201cnuestra pr\u00f3xima generaci\u00f3n de estudiantes va a ser 100 por ciento nativa digital\u00bb.<\/p>\n\n\n\n<p>Ya estamos de lleno en el pleno desarrollo de la era digital y esa fue la promesa que hizo el presidente Bukele hace seis a\u00f1os, dijo el alto funcionario en el evento, al que tambi\u00e9n asistieron la vicepresidente de la Asamblea Legislativa, Suecy Callejas, el titular del Ministerio de Educaci\u00f3n, Mauricio Pineda, y el subsecretario de innovaci\u00f3n Denis Pocasangre.<\/p>\n\n\n\n<p>El proyecto en el que destaca la empresa china forma j\u00f3venes de la regi\u00f3n en \u00e1reas clave para el progreso como la computaci\u00f3n en la nube, la tecnolog\u00eda 5G, las energ\u00edas limpias y la inteligencia artificial.<\/p>\n\n\n\n<p>El Salvador ejecuta una labor para innovar y fortalecer la administraci\u00f3n p\u00fablica mediante la Escuela Superior de Innovaci\u00f3n en la Administraci\u00f3n P\u00fablica (ESIA), apuesta por la econom\u00eda digital tras adoptar el bitcoin como moneda de curso legal, y preparar a las generaciones actuales y futuras para enfrentar los retos de la cuarta Revoluci\u00f3n Industrial, destac\u00f3.<\/p>\n\n\n\n<p class=\"has-small-font-size\">Source: Prensa Latina<\/p>","protected":false},"excerpt":{"rendered":"<p>San Salvador, Aug 31 (Prensa Latina) The vice president of El Salvador, Felix Ulloa, reiterated today that the country is fully committed to its digital bet and said that the [&hellip;]<\/p>","protected":false},"author":12,"featured_media":25322,"comment_status":"closed","ping_status":"closed","sticky":false,"template":"","format":"standard","meta":{"_acf_changed":false,"_eb_attr":"","footnotes":""},"categories":[4],"tags":[],"class_list":["post-25321","post","type-post","status-publish","format-standard","has-post-thumbnail","hentry","category-news"],"acf":[],"aioseo_notices":[],"_links":{"self":[{"href":"https:\/\/invest.sv\/es\/wp-json\/wp\/v2\/posts\/25321","targetHints":{"allow":["GET"]}}],"collection":[{"href":"https:\/\/invest.sv\/es\/wp-json\/wp\/v2\/posts"}],"about":[{"href":"https:\/\/invest.sv\/es\/wp-json\/wp\/v2\/types\/post"}],"author":[{"embeddable":true,"href":"https:\/\/invest.sv\/es\/wp-json\/wp\/v2\/users\/12"}],"replies":[{"embeddable":true,"href":"https:\/\/invest.sv\/es\/wp-json\/wp\/v2\/comments?post=25321"}],"version-history":[{"count":1,"href":"https:\/\/invest.sv\/es\/wp-json\/wp\/v2\/posts\/25321\/revisions"}],"predecessor-version":[{"id":25323,"href":"https:\/\/invest.sv\/es\/wp-json\/wp\/v2\/posts\/25321\/revisions\/25323"}],"wp:featuredmedia":[{"embeddable":true,"href":"https:\/\/invest.sv\/es\/wp-json\/wp\/v2\/media\/25322"}],"wp:attachment":[{"href":"https:\/\/invest.sv\/es\/wp-json\/wp\/v2\/media?parent=25321"}],"wp:term":[{"taxonomy":"category","embeddable":true,"href":"https:\/\/invest.sv\/es\/wp-json\/wp\/v2\/categories?post=25321"},{"taxonomy":"post_tag","embeddable":true,"href":"https:\/\/invest.sv\/es\/wp-json\/wp\/v2\/tags?post=25321"}],"curies":[{"name":"palabra clave","href":"https:\/\/api.w.org\/{rel}","templated":true}]}}